{"id":3922,"date":"2024-05-25T16:15:45","date_gmt":"2024-05-25T14:15:45","guid":{"rendered":"https:\/\/livingroom.fr\/?p=3922"},"modified":"2024-05-25T16:24:12","modified_gmt":"2024-05-25T14:24:12","slug":"elementor-3922","status":"publish","type":"post","link":"https:\/\/livingroom.fr\/index.php\/2024\/05\/25\/elementor-3922\/","title":{"rendered":"Aurlane"},"content":{"rendered":"\t\t<div data-elementor-type=\"wp-post\" data-elementor-id=\"3922\" class=\"elementor elementor-3922\" data-elementor-post-type=\"post\">\n\t\t\t\t\t\t<section class=\"elementor-section elementor-top-section elementor-element elementor-element-4d5d777 elementor-section-boxed elementor-section-height-default elementor-section-height-default\" data-id=\"4d5d777\" data-element_type=\"section\">\n\t\t\t\t\t\t<div class=\"elementor-container elementor-column-gap-default\">\n\t\t\t\t\t<div class=\"elementor-column elementor-col-100 elementor-top-column elementor-element elementor-element-57ce6e0\" data-id=\"57ce6e0\" data-element_type=\"column\">\n\t\t\t<div class=\"elementor-widget-wrap elementor-element-populated\">\n\t\t\t\t\t\t<div class=\"elementor-element elementor-element-5dba6b9 elementor-widget__width-inherit elementor-widget elementor-widget-image\" data-id=\"5dba6b9\" data-element_type=\"widget\" data-widget_type=\"image.default\">\n\t\t\t\t<div class=\"elementor-widget-container\">\n\t\t\t\t\t\t\t\t\t\t\t\t\t\t\t<img fetchpriority=\"high\" decoding=\"async\" width=\"800\" height=\"342\" src=\"https:\/\/livingroom.fr\/wp-content\/uploads\/2024\/05\/LIVINGROOM_AURLANE-2-1024x438.jpg\" class=\"attachment-large size-large wp-image-3929\" alt=\"\" srcset=\"https:\/\/livingroom.fr\/wp-content\/uploads\/2024\/05\/LIVINGROOM_AURLANE-2-1024x438.jpg 1024w, https:\/\/livingroom.fr\/wp-content\/uploads\/2024\/05\/LIVINGROOM_AURLANE-2-300x128.jpg 300w, https:\/\/livingroom.fr\/wp-content\/uploads\/2024\/05\/LIVINGROOM_AURLANE-2-768x328.jpg 768w, https:\/\/livingroom.fr\/wp-content\/uploads\/2024\/05\/LIVINGROOM_AURLANE-2-1536x657.jpg 1536w, https:\/\/livingroom.fr\/wp-content\/uploads\/2024\/05\/LIVINGROOM_AURLANE-2-2048x875.jpg 2048w\" sizes=\"(max-width: 800px) 100vw, 800px\" \/>\t\t\t\t\t\t\t\t\t\t\t\t\t\t\t<\/div>\n\t\t\t\t<\/div>\n\t\t\t\t\t<\/div>\n\t\t<\/div>\n\t\t\t\t\t<\/div>\n\t\t<\/section>\n\t\t\t\t<section class=\"elementor-section elementor-top-section elementor-element elementor-element-38cfd19 elementor-section-boxed elementor-section-height-default elementor-section-height-default\" data-id=\"38cfd19\" data-element_type=\"section\">\n\t\t\t\t\t\t<div class=\"elementor-container elementor-column-gap-default\">\n\t\t\t\t\t<div class=\"elementor-column elementor-col-100 elementor-top-column elementor-element elementor-element-a627cc1\" data-id=\"a627cc1\" data-element_type=\"column\">\n\t\t\t<div class=\"elementor-widget-wrap elementor-element-populated\">\n\t\t\t\t\t\t<div class=\"elementor-element elementor-element-16f2ff4 elementor-widget elementor-widget-heading\" data-id=\"16f2ff4\" data-element_type=\"widget\" data-widget_type=\"heading.default\">\n\t\t\t\t<div class=\"elementor-widget-container\">\n\t\t\t\t\t<h2 class=\"elementor-heading-title elementor-size-default\">Gamme L\u00e9on en partenariat avec ManoMano<\/h2>\t\t\t\t<\/div>\n\t\t\t\t<\/div>\n\t\t\t\t\t<\/div>\n\t\t<\/div>\n\t\t\t\t\t<\/div>\n\t\t<\/section>\n\t\t\t\t<section class=\"elementor-section elementor-top-section elementor-element elementor-element-5f4659a elementor-section-boxed elementor-section-height-default elementor-section-height-default\" data-id=\"5f4659a\" data-element_type=\"section\">\n\t\t\t\t\t\t<div class=\"elementor-container elementor-column-gap-default\">\n\t\t\t\t\t<div class=\"elementor-column elementor-col-100 elementor-top-column elementor-element elementor-element-6d6446d\" data-id=\"6d6446d\" data-element_type=\"column\">\n\t\t\t<div class=\"elementor-widget-wrap elementor-element-populated\">\n\t\t\t\t\t\t<div class=\"elementor-element elementor-element-3a24d14 elementor-widget-divider--view-line elementor-widget elementor-widget-divider\" data-id=\"3a24d14\" data-element_type=\"widget\" data-widget_type=\"divider.default\">\n\t\t\t\t<div class=\"elementor-widget-container\">\n\t\t\t\t\t\t\t<div class=\"elementor-divider\">\n\t\t\t<span class=\"elementor-divider-separator\">\n\t\t\t\t\t\t<\/span>\n\t\t<\/div>\n\t\t\t\t\t\t<\/div>\n\t\t\t\t<\/div>\n\t\t\t\t\t<\/div>\n\t\t<\/div>\n\t\t\t\t\t<\/div>\n\t\t<\/section>\n\t\t\t\t<section class=\"elementor-section elementor-top-section elementor-element elementor-element-2f9aebb elementor-section-boxed elementor-section-height-default elementor-section-height-default\" data-id=\"2f9aebb\" data-element_type=\"section\">\n\t\t\t\t\t\t<div class=\"elementor-container elementor-column-gap-default\">\n\t\t\t\t\t<div class=\"elementor-column elementor-col-100 elementor-top-column elementor-element elementor-element-f2fdad8\" data-id=\"f2fdad8\" data-element_type=\"column\">\n\t\t\t<div class=\"elementor-widget-wrap elementor-element-populated\">\n\t\t\t\t\t\t<div class=\"elementor-element elementor-element-79889d0 elementor-widget elementor-widget-text-editor\" data-id=\"79889d0\" data-element_type=\"widget\" data-widget_type=\"text-editor.default\">\n\t\t\t\t<div class=\"elementor-widget-container\">\n\t\t\t\t\t\t\t\t\t<p>Une gamme de meubles de salle de bain \u00e0 la fois modernes et \u00e9l\u00e9gants gr\u00e2ce \u00e0 leur fa\u00e7ade ondul\u00e9e et leurs couleurs r\u00e9solument tendances. Ce partenariat exclusif allie l&rsquo;expertise technique et design d&rsquo;Aurlane \u00e0 la connaissance pointue du march\u00e9 et des attentes clients de ManoMano.<\/p>\t\t\t\t\t\t\t\t<\/div>\n\t\t\t\t<\/div>\n\t\t\t\t\t<\/div>\n\t\t<\/div>\n\t\t\t\t\t<\/div>\n\t\t<\/section>\n\t\t\t\t<\/div>\n\t\t","protected":false},"excerpt":{"rendered":"<p>Une gamme de meubles de salle de bains<\/p>\n","protected":false},"author":1,"featured_media":3929,"comment_status":"closed","ping_status":"closed","sticky":false,"template":"","format":"standard","meta":{"footnotes":""},"categories":[14],"tags":[],"class_list":["post-3922","post","type-post","status-publish","format-standard","has-post-thumbnail","hentry","category-events"],"yoast_head":"<!-- This site is optimized with the Yoast SEO plugin v24.5 - https:\/\/yoast.com\/wordpress\/plugins\/seo\/ -->\n<title>Aurlane - Living Room RP<\/title>\n<meta name=\"robots\" content=\"index, follow, max-snippet:-1, max-image-preview:large, max-video-preview:-1\" \/>\n<link rel=\"canonical\" href=\"https:\/\/livingroom.fr\/index.php\/2024\/05\/25\/elementor-3922\/\" \/>\n<meta property=\"og:locale\" content=\"fr_FR\" \/>\n<meta property=\"og:type\" content=\"article\" \/>\n<meta property=\"og:title\" content=\"Aurlane - Living Room RP\" \/>\n<meta property=\"og:description\" content=\"Une gamme de meubles de salle de bains\" \/>\n<meta property=\"og:url\" content=\"https:\/\/livingroom.fr\/index.php\/2024\/05\/25\/elementor-3922\/\" \/>\n<meta property=\"og:site_name\" content=\"Living Room RP\" \/>\n<meta property=\"article:published_time\" content=\"2024-05-25T14:15:45+00:00\" \/>\n<meta property=\"article:modified_time\" content=\"2024-05-25T14:24:12+00:00\" \/>\n<meta property=\"og:image\" content=\"http:\/\/livingroom.fr\/wp-content\/uploads\/2024\/05\/LIVINGROOM_AURLANE-2-1024x438.jpg\" \/>\n\t<meta property=\"og:image:width\" content=\"1024\" \/>\n\t<meta property=\"og:image:height\" content=\"438\" \/>\n\t<meta property=\"og:image:type\" content=\"image\/jpeg\" \/>\n<meta name=\"author\" content=\"zmirov-admin\" \/>\n<meta name=\"twitter:card\" content=\"summary_large_image\" \/>\n<meta name=\"twitter:label1\" content=\"\u00c9crit par\" \/>\n\t<meta name=\"twitter:data1\" content=\"zmirov-admin\" \/>\n\t<meta name=\"twitter:label2\" content=\"Dur\u00e9e de lecture estim\u00e9e\" \/>\n\t<meta name=\"twitter:data2\" content=\"1 minute\" \/>\n<script type=\"application\/ld+json\" class=\"yoast-schema-graph\">{\"@context\":\"https:\/\/schema.org\",\"@graph\":[{\"@type\":\"Article\",\"@id\":\"https:\/\/livingroom.fr\/index.php\/2024\/05\/25\/elementor-3922\/#article\",\"isPartOf\":{\"@id\":\"https:\/\/livingroom.fr\/index.php\/2024\/05\/25\/elementor-3922\/\"},\"author\":{\"name\":\"zmirov-admin\",\"@id\":\"https:\/\/livingroom.fr\/#\/schema\/person\/76c48447af089c10ea020e744b60d7a8\"},\"headline\":\"Aurlane\",\"datePublished\":\"2024-05-25T14:15:45+00:00\",\"dateModified\":\"2024-05-25T14:24:12+00:00\",\"mainEntityOfPage\":{\"@id\":\"https:\/\/livingroom.fr\/index.php\/2024\/05\/25\/elementor-3922\/\"},\"wordCount\":55,\"publisher\":{\"@id\":\"https:\/\/livingroom.fr\/#organization\"},\"image\":{\"@id\":\"https:\/\/livingroom.fr\/index.php\/2024\/05\/25\/elementor-3922\/#primaryimage\"},\"thumbnailUrl\":\"https:\/\/livingroom.fr\/wp-content\/uploads\/2024\/05\/LIVINGROOM_AURLANE-2.jpg\",\"articleSection\":[\"Events\"],\"inLanguage\":\"fr-FR\"},{\"@type\":\"WebPage\",\"@id\":\"https:\/\/livingroom.fr\/index.php\/2024\/05\/25\/elementor-3922\/\",\"url\":\"https:\/\/livingroom.fr\/index.php\/2024\/05\/25\/elementor-3922\/\",\"name\":\"Aurlane - Living Room RP\",\"isPartOf\":{\"@id\":\"https:\/\/livingroom.fr\/#website\"},\"primaryImageOfPage\":{\"@id\":\"https:\/\/livingroom.fr\/index.php\/2024\/05\/25\/elementor-3922\/#primaryimage\"},\"image\":{\"@id\":\"https:\/\/livingroom.fr\/index.php\/2024\/05\/25\/elementor-3922\/#primaryimage\"},\"thumbnailUrl\":\"https:\/\/livingroom.fr\/wp-content\/uploads\/2024\/05\/LIVINGROOM_AURLANE-2.jpg\",\"datePublished\":\"2024-05-25T14:15:45+00:00\",\"dateModified\":\"2024-05-25T14:24:12+00:00\",\"breadcrumb\":{\"@id\":\"https:\/\/livingroom.fr\/index.php\/2024\/05\/25\/elementor-3922\/#breadcrumb\"},\"inLanguage\":\"fr-FR\",\"potentialAction\":[{\"@type\":\"ReadAction\",\"target\":[\"https:\/\/livingroom.fr\/index.php\/2024\/05\/25\/elementor-3922\/\"]}]},{\"@type\":\"ImageObject\",\"inLanguage\":\"fr-FR\",\"@id\":\"https:\/\/livingroom.fr\/index.php\/2024\/05\/25\/elementor-3922\/#primaryimage\",\"url\":\"https:\/\/livingroom.fr\/wp-content\/uploads\/2024\/05\/LIVINGROOM_AURLANE-2.jpg\",\"contentUrl\":\"https:\/\/livingroom.fr\/wp-content\/uploads\/2024\/05\/LIVINGROOM_AURLANE-2.jpg\",\"width\":2363,\"height\":1010},{\"@type\":\"BreadcrumbList\",\"@id\":\"https:\/\/livingroom.fr\/index.php\/2024\/05\/25\/elementor-3922\/#breadcrumb\",\"itemListElement\":[{\"@type\":\"ListItem\",\"position\":1,\"name\":\"Accueil\",\"item\":\"https:\/\/livingroom.fr\/\"},{\"@type\":\"ListItem\",\"position\":2,\"name\":\"Aurlane\"}]},{\"@type\":\"WebSite\",\"@id\":\"https:\/\/livingroom.fr\/#website\",\"url\":\"https:\/\/livingroom.fr\/\",\"name\":\"Living Room RP\",\"description\":\"\",\"publisher\":{\"@id\":\"https:\/\/livingroom.fr\/#organization\"},\"potentialAction\":[{\"@type\":\"SearchAction\",\"target\":{\"@type\":\"EntryPoint\",\"urlTemplate\":\"https:\/\/livingroom.fr\/?s={search_term_string}\"},\"query-input\":{\"@type\":\"PropertyValueSpecification\",\"valueRequired\":true,\"valueName\":\"search_term_string\"}}],\"inLanguage\":\"fr-FR\"},{\"@type\":\"Organization\",\"@id\":\"https:\/\/livingroom.fr\/#organization\",\"name\":\"Living Room RP\",\"url\":\"https:\/\/livingroom.fr\/\",\"logo\":{\"@type\":\"ImageObject\",\"inLanguage\":\"fr-FR\",\"@id\":\"https:\/\/livingroom.fr\/#\/schema\/logo\/image\/\",\"url\":\"https:\/\/livingroom.fr\/wp-content\/uploads\/2023\/03\/LIVING-ROOM_logo.png\",\"contentUrl\":\"https:\/\/livingroom.fr\/wp-content\/uploads\/2023\/03\/LIVING-ROOM_logo.png\",\"width\":1169,\"height\":503,\"caption\":\"Living Room RP\"},\"image\":{\"@id\":\"https:\/\/livingroom.fr\/#\/schema\/logo\/image\/\"}},{\"@type\":\"Person\",\"@id\":\"https:\/\/livingroom.fr\/#\/schema\/person\/76c48447af089c10ea020e744b60d7a8\",\"name\":\"zmirov-admin\",\"image\":{\"@type\":\"ImageObject\",\"inLanguage\":\"fr-FR\",\"@id\":\"https:\/\/livingroom.fr\/#\/schema\/person\/image\/\",\"url\":\"https:\/\/secure.gravatar.com\/avatar\/ae0f119d1bd9d4cac26cdefc827df34e?s=96&d=mm&r=g\",\"contentUrl\":\"https:\/\/secure.gravatar.com\/avatar\/ae0f119d1bd9d4cac26cdefc827df34e?s=96&d=mm&r=g\",\"caption\":\"zmirov-admin\"},\"sameAs\":[\"http:\/\/livingroom.fr\"],\"url\":\"https:\/\/livingroom.fr\/index.php\/author\/zmirov-admin\/\"}]}<\/script>\n<!-- \/ Yoast SEO plugin. -->","yoast_head_json":{"title":"Aurlane - Living Room RP","robots":{"index":"index","follow":"follow","max-snippet":"max-snippet:-1","max-image-preview":"max-image-preview:large","max-video-preview":"max-video-preview:-1"},"canonical":"https:\/\/livingroom.fr\/index.php\/2024\/05\/25\/elementor-3922\/","og_locale":"fr_FR","og_type":"article","og_title":"Aurlane - Living Room RP","og_description":"Une gamme de meubles de salle de bains","og_url":"https:\/\/livingroom.fr\/index.php\/2024\/05\/25\/elementor-3922\/","og_site_name":"Living Room RP","article_published_time":"2024-05-25T14:15:45+00:00","article_modified_time":"2024-05-25T14:24:12+00:00","og_image":[{"width":1024,"height":438,"url":"http:\/\/livingroom.fr\/wp-content\/uploads\/2024\/05\/LIVINGROOM_AURLANE-2-1024x438.jpg","type":"image\/jpeg"}],"author":"zmirov-admin","twitter_card":"summary_large_image","twitter_misc":{"\u00c9crit par":"zmirov-admin","Dur\u00e9e de lecture estim\u00e9e":"1 minute"},"schema":{"@context":"https:\/\/schema.org","@graph":[{"@type":"Article","@id":"https:\/\/livingroom.fr\/index.php\/2024\/05\/25\/elementor-3922\/#article","isPartOf":{"@id":"https:\/\/livingroom.fr\/index.php\/2024\/05\/25\/elementor-3922\/"},"author":{"name":"zmirov-admin","@id":"https:\/\/livingroom.fr\/#\/schema\/person\/76c48447af089c10ea020e744b60d7a8"},"headline":"Aurlane","datePublished":"2024-05-25T14:15:45+00:00","dateModified":"2024-05-25T14:24:12+00:00","mainEntityOfPage":{"@id":"https:\/\/livingroom.fr\/index.php\/2024\/05\/25\/elementor-3922\/"},"wordCount":55,"publisher":{"@id":"https:\/\/livingroom.fr\/#organization"},"image":{"@id":"https:\/\/livingroom.fr\/index.php\/2024\/05\/25\/elementor-3922\/#primaryimage"},"thumbnailUrl":"https:\/\/livingroom.fr\/wp-content\/uploads\/2024\/05\/LIVINGROOM_AURLANE-2.jpg","articleSection":["Events"],"inLanguage":"fr-FR"},{"@type":"WebPage","@id":"https:\/\/livingroom.fr\/index.php\/2024\/05\/25\/elementor-3922\/","url":"https:\/\/livingroom.fr\/index.php\/2024\/05\/25\/elementor-3922\/","name":"Aurlane - Living Room RP","isPartOf":{"@id":"https:\/\/livingroom.fr\/#website"},"primaryImageOfPage":{"@id":"https:\/\/livingroom.fr\/index.php\/2024\/05\/25\/elementor-3922\/#primaryimage"},"image":{"@id":"https:\/\/livingroom.fr\/index.php\/2024\/05\/25\/elementor-3922\/#primaryimage"},"thumbnailUrl":"https:\/\/livingroom.fr\/wp-content\/uploads\/2024\/05\/LIVINGROOM_AURLANE-2.jpg","datePublished":"2024-05-25T14:15:45+00:00","dateModified":"2024-05-25T14:24:12+00:00","breadcrumb":{"@id":"https:\/\/livingroom.fr\/index.php\/2024\/05\/25\/elementor-3922\/#breadcrumb"},"inLanguage":"fr-FR","potentialAction":[{"@type":"ReadAction","target":["https:\/\/livingroom.fr\/index.php\/2024\/05\/25\/elementor-3922\/"]}]},{"@type":"ImageObject","inLanguage":"fr-FR","@id":"https:\/\/livingroom.fr\/index.php\/2024\/05\/25\/elementor-3922\/#primaryimage","url":"https:\/\/livingroom.fr\/wp-content\/uploads\/2024\/05\/LIVINGROOM_AURLANE-2.jpg","contentUrl":"https:\/\/livingroom.fr\/wp-content\/uploads\/2024\/05\/LIVINGROOM_AURLANE-2.jpg","width":2363,"height":1010},{"@type":"BreadcrumbList","@id":"https:\/\/livingroom.fr\/index.php\/2024\/05\/25\/elementor-3922\/#breadcrumb","itemListElement":[{"@type":"ListItem","position":1,"name":"Accueil","item":"https:\/\/livingroom.fr\/"},{"@type":"ListItem","position":2,"name":"Aurlane"}]},{"@type":"WebSite","@id":"https:\/\/livingroom.fr\/#website","url":"https:\/\/livingroom.fr\/","name":"Living Room RP","description":"","publisher":{"@id":"https:\/\/livingroom.fr\/#organization"},"potentialAction":[{"@type":"SearchAction","target":{"@type":"EntryPoint","urlTemplate":"https:\/\/livingroom.fr\/?s={search_term_string}"},"query-input":{"@type":"PropertyValueSpecification","valueRequired":true,"valueName":"search_term_string"}}],"inLanguage":"fr-FR"},{"@type":"Organization","@id":"https:\/\/livingroom.fr\/#organization","name":"Living Room RP","url":"https:\/\/livingroom.fr\/","logo":{"@type":"ImageObject","inLanguage":"fr-FR","@id":"https:\/\/livingroom.fr\/#\/schema\/logo\/image\/","url":"https:\/\/livingroom.fr\/wp-content\/uploads\/2023\/03\/LIVING-ROOM_logo.png","contentUrl":"https:\/\/livingroom.fr\/wp-content\/uploads\/2023\/03\/LIVING-ROOM_logo.png","width":1169,"height":503,"caption":"Living Room RP"},"image":{"@id":"https:\/\/livingroom.fr\/#\/schema\/logo\/image\/"}},{"@type":"Person","@id":"https:\/\/livingroom.fr\/#\/schema\/person\/76c48447af089c10ea020e744b60d7a8","name":"zmirov-admin","image":{"@type":"ImageObject","inLanguage":"fr-FR","@id":"https:\/\/livingroom.fr\/#\/schema\/person\/image\/","url":"https:\/\/secure.gravatar.com\/avatar\/ae0f119d1bd9d4cac26cdefc827df34e?s=96&d=mm&r=g","contentUrl":"https:\/\/secure.gravatar.com\/avatar\/ae0f119d1bd9d4cac26cdefc827df34e?s=96&d=mm&r=g","caption":"zmirov-admin"},"sameAs":["http:\/\/livingroom.fr"],"url":"https:\/\/livingroom.fr\/index.php\/author\/zmirov-admin\/"}]}},"_links":{"self":[{"href":"https:\/\/livingroom.fr\/index.php\/wp-json\/wp\/v2\/posts\/3922","targetHints":{"allow":["GET"]}}],"collection":[{"href":"https:\/\/livingroom.fr\/index.php\/wp-json\/wp\/v2\/posts"}],"about":[{"href":"https:\/\/livingroom.fr\/index.php\/wp-json\/wp\/v2\/types\/post"}],"author":[{"embeddable":true,"href":"https:\/\/livingroom.fr\/index.php\/wp-json\/wp\/v2\/users\/1"}],"replies":[{"embeddable":true,"href":"https:\/\/livingroom.fr\/index.php\/wp-json\/wp\/v2\/comments?post=3922"}],"version-history":[{"count":17,"href":"https:\/\/livingroom.fr\/index.php\/wp-json\/wp\/v2\/posts\/3922\/revisions"}],"predecessor-version":[{"id":3946,"href":"https:\/\/livingroom.fr\/index.php\/wp-json\/wp\/v2\/posts\/3922\/revisions\/3946"}],"wp:featuredmedia":[{"embeddable":true,"href":"https:\/\/livingroom.fr\/index.php\/wp-json\/wp\/v2\/media\/3929"}],"wp:attachment":[{"href":"https:\/\/livingroom.fr\/index.php\/wp-json\/wp\/v2\/media?parent=3922"}],"wp:term":[{"taxonomy":"category","embeddable":true,"href":"https:\/\/livingroom.fr\/index.php\/wp-json\/wp\/v2\/categories?post=3922"},{"taxonomy":"post_tag","embeddable":true,"href":"https:\/\/livingroom.fr\/index.php\/wp-json\/wp\/v2\/tags?post=3922"}],"curies":[{"name":"wp","href":"https:\/\/api.w.org\/{rel}","templated":true}]}}